{"id":661,"date":"2025-01-14T16:44:05","date_gmt":"2025-01-14T19:44:05","guid":{"rendered":"https:\/\/infotecba.com.ar\/?p=661"},"modified":"2024-12-17T16:45:40","modified_gmt":"2024-12-17T19:45:40","slug":"convenio-entre-la-ucalp-y-la-escuela-tecnica-no-3-de-la-plata","status":"publish","type":"post","link":"https:\/\/infotecba.com.ar\/?p=661","title":{"rendered":"Convenio entre la UCALP y la Escuela T\u00e9cnica N\u00ba 3 de La Plata"},"content":{"rendered":"\n<p>La Universidad Cat\u00f3lica de La Plata, representada por la rectora Prof. Rita Gajate y por el decano de la Facultad de Arquitectura y Dise\u00f1o, Ra\u00fal Horacio Lamas, firm\u00f3 un convenio de colaboraci\u00f3n rec\u00edproca con la Escuela de Educaci\u00f3n Secundaria T\u00e9cnica n\u00ba 3 \u201cFray Luis Beltr\u00e1n\u201d, rubricado por su director Mario Luis Coronel Rueda.<\/p>\n\n\n\n<figure class=\"wp-block-image size-full\"><img fetchpriority=\"high\" decoding=\"async\" width=\"761\" height=\"468\" src=\"https:\/\/infotecba.com.ar\/wp-content\/uploads\/2024\/12\/image-26.png\" alt=\"\" class=\"wp-image-662\" srcset=\"https:\/\/infotecba.com.ar\/wp-content\/uploads\/2024\/12\/image-26.png 761w, https:\/\/infotecba.com.ar\/wp-content\/uploads\/2024\/12\/image-26-300x184.png 300w, https:\/\/infotecba.com.ar\/wp-content\/uploads\/2024\/12\/image-26-750x461.png 750w\" sizes=\"(max-width: 761px) 100vw, 761px\" \/><\/figure>\n\n\n\n<p>La Escuela ubicada 3n 63 y 139 del&nbsp; barrio de Los Hornos, en la localidad de La Plata, tendr\u00e1&nbsp; este acuerdo, que tendr\u00e1 una duraci\u00f3n de dos a\u00f1os.<\/p>\n\n\n\n<p>El mismo, propone la realizaci\u00f3n de actividades educativas entre ambas instituciones, como cursos, jornadas de capacitaci\u00f3n e investigaciones, con el objetivo de potenciar el desarrollo cultural y el conocimiento de las entidades.<\/p>\n\n\n\n<figure class=\"wp-block-image size-full\"><img decoding=\"async\" width=\"630\" height=\"376\" src=\"https:\/\/infotecba.com.ar\/wp-content\/uploads\/2024\/12\/image-27.png\" alt=\"\" class=\"wp-image-663\" srcset=\"https:\/\/infotecba.com.ar\/wp-content\/uploads\/2024\/12\/image-27.png 630w, https:\/\/infotecba.com.ar\/wp-content\/uploads\/2024\/12\/image-27-300x179.png 300w\" sizes=\"(max-width: 630px) 100vw, 630px\" \/><\/figure>\n\n\n\n<p>Para la UCALP, este convenio permite generar un v\u00ednculo profundo y efectivo con los colegios de la regi\u00f3n, para fortalecer la integraci\u00f3n y participaci\u00f3n de nuestra Universidad en la comunidad local.<\/p>\n","protected":false},"excerpt":{"rendered":"<p>La Universidad Cat\u00f3lica de La Plata, representada por la rectora Prof. Rita Gajate y por el decano de la Facultad de Arquitectura y Dise\u00f1o, Ra\u00fal Horacio Lamas, firm\u00f3 un convenio de colaboraci\u00f3n rec\u00edproca con la Escuela de Educaci\u00f3n Secundaria T\u00e9cnica n\u00ba 3 \u201cFray Luis Beltr\u00e1n\u201d, rubricado por su director Mario Luis Coronel Rueda. La Escuela [&hellip;]<\/p>\n","protected":false},"author":2,"featured_media":662,"comment_status":"closed","ping_status":"closed","sticky":false,"template":"","format":"standard","meta":{"footnotes":""},"categories":[1],"tags":[],"aioseo_notices":[],"_links":{"self":[{"href":"https:\/\/infotecba.com.ar\/index.php?rest_route=\/wp\/v2\/posts\/661"}],"collection":[{"href":"https:\/\/infotecba.com.ar\/index.php?rest_route=\/wp\/v2\/posts"}],"about":[{"href":"https:\/\/infotecba.com.ar\/index.php?rest_route=\/wp\/v2\/types\/post"}],"author":[{"embeddable":true,"href":"https:\/\/infotecba.com.ar\/index.php?rest_route=\/wp\/v2\/users\/2"}],"replies":[{"embeddable":true,"href":"https:\/\/infotecba.com.ar\/index.php?rest_route=%2Fwp%2Fv2%2Fcomments&post=661"}],"version-history":[{"count":1,"href":"https:\/\/infotecba.com.ar\/index.php?rest_route=\/wp\/v2\/posts\/661\/revisions"}],"predecessor-version":[{"id":664,"href":"https:\/\/infotecba.com.ar\/index.php?rest_route=\/wp\/v2\/posts\/661\/revisions\/664"}],"wp:featuredmedia":[{"embeddable":true,"href":"https:\/\/infotecba.com.ar\/index.php?rest_route=\/wp\/v2\/media\/662"}],"wp:attachment":[{"href":"https:\/\/infotecba.com.ar\/index.php?rest_route=%2Fwp%2Fv2%2Fmedia&parent=661"}],"wp:term":[{"taxonomy":"category","embeddable":true,"href":"https:\/\/infotecba.com.ar\/index.php?rest_route=%2Fwp%2Fv2%2Fcategories&post=661"},{"taxonomy":"post_tag","embeddable":true,"href":"https:\/\/infotecba.com.ar\/index.php?rest_route=%2Fwp%2Fv2%2Ftags&post=661"}],"curies":[{"name":"wp","href":"https:\/\/api.w.org\/{rel}","templated":true}]}}