{"id":295,"date":"2024-03-19T12:25:51","date_gmt":"2024-03-19T15:25:51","guid":{"rendered":"https:\/\/infotecba.com.ar\/?p=295"},"modified":"2024-12-03T10:25:56","modified_gmt":"2024-12-03T13:25:56","slug":"la-escuela-tecnica-n1-de-gral-lamadrid-festeja-sus-10-anos","status":"publish","type":"post","link":"https:\/\/infotecba.com.ar\/?p=295","title":{"rendered":"La Escuela T\u00e9cnica n\u00b01 de Gral. Lamadrid festeja sus 10 a\u00f1os."},"content":{"rendered":"\n<p><\/p>\n\n\n\n<p>Durante un acto celebrado en la E.E.S.T n\u00b0 1 de la localidad de Gral Lamadrid, se realiz\u00f3 una rese\u00f1a hist\u00f3rica, conmemorando el decimo a\u00f1o de existencia,<\/p>\n\n\n\n<p>El establecimiento fue creado en el a\u00f1o 2013, con dictamen del 9 de diciembre del mismo a\u00f1o, bajo Resoluci\u00f3n 2367\/13, que resuelve crear la escuela en la ciudad de General La Madrid, para iniciar el ciclo lectivo 2014 en marzo de ese a\u00f1o.<\/p>\n\n\n\n<p>El Municipio de General La Madrid cede en calidad de comodato este espacio donde nos encontramos ahora, donde funcionaba antiguamente la Colonia de Vacaciones del Municipio de General La Madrid.<\/p>\n\n\n\n<p>A lo largo de estos 10 a\u00f1os los diferentes programas de la Direcci\u00f3n Provincial de la Educaci\u00f3n T\u00e9cnica como Programa 39 INET, Plan mejora, Aportes para la etp, PMI equipamiento institucional, entre otros, han permitido equipar a la instituci\u00f3n de insumos y herramientas para los diferentes entornos formativos de taller y de equipamiento e insumos TIC, conectividad y red de datos.<\/p>\n\n\n\n<p>Este a\u00f1o comenzar\u00e1 a desarrollarse la tan esperada Nueva Tecnicatura de Electromec\u00e1nica y tambi\u00e9n hay que destacar que cuentan con la EPS (Educaci\u00f3n Profesional Secundaria) que comenz\u00f3 el a\u00f1o pasado, esta propuesta brinda a los estudiantes la oportunidad de finalizar el secundario con un perfil profesional, en este caso Bachiller con Orientaci\u00f3n en Soldador B\u00e1sico\u201d<\/p>\n\n\n\n<figure class=\"wp-block-image size-full\"><img fetchpriority=\"high\" decoding=\"async\" width=\"567\" height=\"336\" src=\"http:\/\/infotecba.com.ar\/wp-content\/uploads\/2024\/03\/lm.png\" alt=\"\" class=\"wp-image-298\" srcset=\"https:\/\/infotecba.com.ar\/wp-content\/uploads\/2024\/03\/lm.png 567w, https:\/\/infotecba.com.ar\/wp-content\/uploads\/2024\/03\/lm-300x178.png 300w\" sizes=\"(max-width: 567px) 100vw, 567px\" \/><\/figure>\n","protected":false},"excerpt":{"rendered":"<p>Durante un acto celebrado en la E.E.S.T n\u00b0 1 de la localidad de Gral Lamadrid, se realiz\u00f3 una rese\u00f1a hist\u00f3rica, conmemorando el decimo a\u00f1o de existencia, El establecimiento fue creado en el a\u00f1o 2013, con dictamen del 9 de diciembre del mismo a\u00f1o, bajo Resoluci\u00f3n 2367\/13, que resuelve crear la escuela en la ciudad de [&hellip;]<\/p>\n","protected":false},"author":2,"featured_media":297,"comment_status":"closed","ping_status":"closed","sticky":false,"template":"","format":"standard","meta":{"footnotes":""},"categories":[1],"tags":[],"aioseo_notices":[],"_links":{"self":[{"href":"https:\/\/infotecba.com.ar\/index.php?rest_route=\/wp\/v2\/posts\/295"}],"collection":[{"href":"https:\/\/infotecba.com.ar\/index.php?rest_route=\/wp\/v2\/posts"}],"about":[{"href":"https:\/\/infotecba.com.ar\/index.php?rest_route=\/wp\/v2\/types\/post"}],"author":[{"embeddable":true,"href":"https:\/\/infotecba.com.ar\/index.php?rest_route=\/wp\/v2\/users\/2"}],"replies":[{"embeddable":true,"href":"https:\/\/infotecba.com.ar\/index.php?rest_route=%2Fwp%2Fv2%2Fcomments&post=295"}],"version-history":[{"count":2,"href":"https:\/\/infotecba.com.ar\/index.php?rest_route=\/wp\/v2\/posts\/295\/revisions"}],"predecessor-version":[{"id":302,"href":"https:\/\/infotecba.com.ar\/index.php?rest_route=\/wp\/v2\/posts\/295\/revisions\/302"}],"wp:featuredmedia":[{"embeddable":true,"href":"https:\/\/infotecba.com.ar\/index.php?rest_route=\/wp\/v2\/media\/297"}],"wp:attachment":[{"href":"https:\/\/infotecba.com.ar\/index.php?rest_route=%2Fwp%2Fv2%2Fmedia&parent=295"}],"wp:term":[{"taxonomy":"category","embeddable":true,"href":"https:\/\/infotecba.com.ar\/index.php?rest_route=%2Fwp%2Fv2%2Fcategories&post=295"},{"taxonomy":"post_tag","embeddable":true,"href":"https:\/\/infotecba.com.ar\/index.php?rest_route=%2Fwp%2Fv2%2Ftags&post=295"}],"curies":[{"name":"wp","href":"https:\/\/api.w.org\/{rel}","templated":true}]}}